{"id":9027,"date":"2023-12-08T15:00:42","date_gmt":"2023-12-08T14:00:42","guid":{"rendered":"https:\/\/www.kleine-affaere.de\/cms\/?p=9027"},"modified":"2024-04-24T20:44:11","modified_gmt":"2024-04-24T18:44:11","slug":"vernissage-claudia-six-are-we-there-yet-2","status":"publish","type":"post","link":"https:\/\/www.kleine-affaere.de\/cms\/vernissage-claudia-six-are-we-there-yet-2\/","title":{"rendered":"Vernissage Claudia Six &#8211; \u201eARE WE THERE YET?\u201c"},"content":{"rendered":"<h3>Vernissage<\/h3>\n<p>Zwischen den fantastischen und tr\u00e4umerischen Kunstwerken von Claudia Six, warten auf euch die Melodien des Marimbaphons, gespielt von der talentierten Silke B\u00fcscherhoff, sowie Flammkuchen und Soleier als kulinarische Erg\u00e4nzung.<\/p>\n<p>Diese ungew\u00f6hnliche Kombination aus Kunst, Musik und Gaumenfreuden verspricht einen Abend voller \u00dcberraschungen und unvergesslicher Momente. Oder ist die Kleine Aff\u00e4re jetzt verr\u00fcckt geworden?<\/p>\n<p>&nbsp;<\/p>\n<p>Claudia Six antwortet in verschiedenen Disziplinen auf eine herausfordernde, uns umgebende Realit\u00e4t, die nur allzu oft als einengend und vorgegeben erz\u00e4hlt erscheint. Sie konfrontiert die \u00e4u\u00dfere Welt mit einer komplexen, wenngleich in Schwarz und Wei\u00df gehaltenen, zeichnerisch-filigranen Innenwelt.<\/p>\n<p><img fetchpriority=\"high\" decoding=\"async\" class=\"alignright wp-image-9686\" src=\"https:\/\/www.kleine-affaere.de\/wp-content\/uploads\/2023\/12\/sundaywalk-724x1024.jpg\" alt=\"\" width=\"430\" height=\"608\" srcset=\"https:\/\/www.kleine-affaere.de\/wp-content\/uploads\/2023\/12\/sundaywalk-724x1024.jpg 724w, https:\/\/www.kleine-affaere.de\/wp-content\/uploads\/2023\/12\/sundaywalk-212x300.jpg 212w, https:\/\/www.kleine-affaere.de\/wp-content\/uploads\/2023\/12\/sundaywalk-768x1086.jpg 768w, https:\/\/www.kleine-affaere.de\/wp-content\/uploads\/2023\/12\/sundaywalk-1086x1536.jpg 1086w, https:\/\/www.kleine-affaere.de\/wp-content\/uploads\/2023\/12\/sundaywalk-1448x2048.jpg 1448w, https:\/\/www.kleine-affaere.de\/wp-content\/uploads\/2023\/12\/sundaywalk-1200x1697.jpg 1200w, https:\/\/www.kleine-affaere.de\/wp-content\/uploads\/2023\/12\/sundaywalk-1980x2801.jpg 1980w, https:\/\/www.kleine-affaere.de\/wp-content\/uploads\/2023\/12\/sundaywalk-scaled.jpg 1810w\" sizes=\"(max-width: 430px) 100vw, 430px\" \/><\/p>\n<p>Mit ihren Projekten, die sie anf\u00e4nglich haupts\u00e4chlich in Wien pr\u00e4sentierte (u.a. am f\u00fcr Puppenspiel bekannten Schuberttheater oder an der Neuen Oper Wien) erobert sie mittlerweile auch renommierte deutsche H\u00e4user, darunter z.B. die Deutsche Oper Berlin, Staatsoper Hamburg oder das Mecklenburgische Staatstheater in Schwerin.<br \/>\nIhre Arbeiten umfassen u.a. die Interpretationen der vielleicht bekanntesten Puppen oder Wesen \u2013 Frankenstein (Berlin) oder Alma f\u00fcr den Kinofilm \u201eAlma und Oskar\u201c von Dieter Berner.<\/p>\n<p>Eine k\u00fcnstlerisch eigenst\u00e4ndige Welt wird von Claudia Six erschaffen. Diese besteht aus verblassenden Gef\u00fchlen der Vergangenheit, aus Tr\u00e4umen, der Hoffnung auf emotionale Erl\u00f6sung, Sicherheit und Freude. F\u00fcr ihre gro\u00dfteils textilen Arbeiten, die aus plastischen Formen ebenso wie aus zarten Zeichnungen auf dem Material bestehen, spinnt sie aus \u00fcberlappenden, schwer greifbaren Emotionen feines Garn.<\/p>\n<p>Daraus entsteht ein komplexes Kn\u00e4uel, aus dem die K\u00fcnstlerin ein sich verdichtendes Bild einer Anderwelt webt. In dieser manifestieren sich jene vergessenen Freundschaften, Traumfetzen einsamer N\u00e4chte oder Nachbilder bekannter Gestalten, die niemand sonst sieht.<\/p>\n<p>&nbsp;<\/p>\n<p style=\"text-align: left;\">Eskapismus ist Kunst. Verstecke sind Schutz. Gestalten der Dunkelheit spenden Trost und Licht.<\/p>\n<p>&nbsp;<\/p>\n<p><img decoding=\"async\" class=\"alignleft wp-image-9770\" src=\"https:\/\/www.kleine-affaere.de\/wp-content\/uploads\/2023\/12\/417A8245-1024x683.jpg\" alt=\"\" width=\"550\" height=\"367\" srcset=\"https:\/\/www.kleine-affaere.de\/wp-content\/uploads\/2023\/12\/417A8245-1024x683.jpg 1024w, https:\/\/www.kleine-affaere.de\/wp-content\/uploads\/2023\/12\/417A8245-300x200.jpg 300w, https:\/\/www.kleine-affaere.de\/wp-content\/uploads\/2023\/12\/417A8245-768x512.jpg 768w, https:\/\/www.kleine-affaere.de\/wp-content\/uploads\/2023\/12\/417A8245-1536x1024.jpg 1536w, https:\/\/www.kleine-affaere.de\/wp-content\/uploads\/2023\/12\/417A8245-2048x1365.jpg 2048w, https:\/\/www.kleine-affaere.de\/wp-content\/uploads\/2023\/12\/417A8245-1200x800.jpg 1200w, https:\/\/www.kleine-affaere.de\/wp-content\/uploads\/2023\/12\/417A8245-1980x1320.jpg 1980w\" sizes=\"(max-width: 550px) 100vw, 550px\" \/><\/p>\n<p>F\u00fcr \u201eAre We There Yet\u201c bringt die K\u00fcnstlerin nun ihre fantastischen Wesen nach Hattingen und widmet sich mit ihnen gemeinsam dem Thema des Ankommens.<\/p>\n<p>Die Ausstellung l\u00e4dt dazu ein, sich inmitten einer faszinierenden Landschaft von Ideen und Perspektiven zu verlieren. Es ist eine Aufforderung innezuhalten und zu reflektieren, ob wir tats\u00e4chlich jemals &#8222;angekommen&#8220; sind oder ob die Reise selbst der eigentliche Kern unseres Seins ist.<\/p>\n<p>Machen Sie sich bereit f\u00fcr eine Reise durch die Gedanken der K\u00fcnstlerin und lassen Sie sich von der Frage leiten: Sind wir schon da?<\/p>\n<div class=\"page\" title=\"Page 2\">\n<div class=\"layoutArea\">\n<div class=\"column\">\n<p>&nbsp;<\/p>\n<p style=\"text-align: left;\"><a href=\"https:\/\/www.kleine-affaere.de\/cms\/claudia-six-are-we-there-yet-2\/\">Mehr zur der K\u00fcnstlerin<\/a><\/p>\n<\/div>\n<\/div>\n<\/div>\n<div class=\"page\" title=\"Page 2\">\n<div class=\"layoutArea\">\n<p>&nbsp;<\/p>\n<\/div>\n<\/div>\n<div class=\"page\" title=\"Page 2\">\n<div class=\"layoutArea\">\n<p><span style=\"font-family: 'Inter var', -apple-system, BlinkMacSystemFont, 'Helvetica Neue', Helvetica, sans-serif; font-size: 40px; font-weight: bold; letter-spacing: -0.0415625em;\">Auf einen Blick<\/span><\/p>\n<\/div>\n<\/div>\n<p><strong>Was?<\/strong> Vernissage mit Claudia Six und Silke B\u00fcscherhoff als musikalische Erg\u00e4nzung<\/p>\n<p><strong>Wo?<\/strong> Kleine Aff\u00e4re Blankenstein, Marktplatz 19, 45527 Hattingen<\/p>\n<p><strong>Wann?<\/strong> Am Samstag 24.02.2024, um 19 Uhr<\/p>\n<p><strong>Eintritt?<\/strong> Kostenlos! Kommt einfach vorbei!<\/p>\n<p>&nbsp;<\/p>\n","protected":false},"excerpt":{"rendered":"<p>Ab dem 24. Februar 2024, 19 Uhr:<br \/>\nNeue Kunst aus Wien<\/p>\n","protected":false},"author":1,"featured_media":9658,"comment_status":"closed","ping_status":"open","sticky":false,"template":"","format":"standard","meta":{"inline_featured_image":false,"footnotes":""},"categories":[1],"tags":[],"post_folder":[],"class_list":["post-9027","post","type-post","status-publish","format-standard","has-post-thumbnail","hentry","category-allgemein"],"yoast_head":"<!-- This site is optimized with the Yoast SEO plugin v28.3 - https:\/\/yoast.com\/product\/yoast-seo-wordpress\/ -->\n<title>Vernissage Claudia Six - \u201eARE WE THERE YET?\u201c - Kleine Aff\u00e4re | Galerie &amp; Salon<\/title>\n<meta name=\"description\" content=\"Am Samstag den 24. Februar 2024 l\u00e4dt die Kleine Aff\u00e4re herzlich zur Er\u00f6ffnung der Ausstellung von Claudia Six ein.\" \/>\n<meta name=\"robots\" content=\"index, follow, max-snippet:-1, max-image-preview:large, max-video-preview:-1\" \/>\n<link rel=\"canonical\" href=\"https:\/\/www.kleine-affaere.de\/cms\/vernissage-claudia-six-are-we-there-yet-2\/\" \/>\n<meta property=\"og:locale\" content=\"de_DE\" \/>\n<meta property=\"og:type\" content=\"article\" \/>\n<meta property=\"og:title\" content=\"Vernissage Claudia Six - \u201eARE WE THERE YET?\u201c - Kleine Aff\u00e4re | Galerie &amp; Salon\" \/>\n<meta property=\"og:description\" content=\"Am Samstag den 24. Februar 2024 l\u00e4dt die Kleine Aff\u00e4re herzlich zur Er\u00f6ffnung der Ausstellung von Claudia Six ein.\" \/>\n<meta property=\"og:url\" content=\"https:\/\/www.kleine-affaere.de\/cms\/vernissage-claudia-six-are-we-there-yet-2\/\" \/>\n<meta property=\"og:site_name\" content=\"Kleine Aff\u00e4re | Galerie &amp; Salon\" \/>\n<meta property=\"article:published_time\" content=\"2023-12-08T14:00:42+00:00\" \/>\n<meta property=\"article:modified_time\" content=\"2024-04-24T18:44:11+00:00\" \/>\n<meta property=\"og:image\" content=\"https:\/\/www.kleine-affaere.de\/wp-content\/uploads\/2023\/12\/claudiasix_andfriend.jpeg\" \/>\n\t<meta property=\"og:image:width\" content=\"905\" \/>\n\t<meta property=\"og:image:height\" content=\"1280\" \/>\n\t<meta property=\"og:image:type\" content=\"image\/jpeg\" \/>\n<meta name=\"author\" content=\"adminaffaere\" \/>\n<meta name=\"twitter:card\" content=\"summary_large_image\" \/>\n<meta name=\"twitter:label1\" content=\"Verfasst von\" \/>\n\t<meta name=\"twitter:data1\" content=\"adminaffaere\" \/>\n\t<meta name=\"twitter:label2\" content=\"Gesch\u00e4tzte Lesezeit\" \/>\n\t<meta name=\"twitter:data2\" content=\"3\u00a0Minuten\" \/>\n<script type=\"application\/ld+json\" class=\"yoast-schema-graph\">{\"@context\":\"https:\\\/\\\/schema.org\",\"@graph\":[{\"@type\":\"Article\",\"@id\":\"https:\\\/\\\/www.kleine-affaere.de\\\/cms\\\/vernissage-claudia-six-are-we-there-yet-2\\\/#article\",\"isPartOf\":{\"@id\":\"https:\\\/\\\/www.kleine-affaere.de\\\/cms\\\/vernissage-claudia-six-are-we-there-yet-2\\\/\"},\"author\":{\"name\":\"adminaffaere\",\"@id\":\"https:\\\/\\\/www.kleine-affaere.de\\\/cms\\\/#\\\/schema\\\/person\\\/29d22ac294fb02beb10cee53c0abff35\"},\"headline\":\"Vernissage Claudia Six &#8211; \u201eARE WE THERE YET?\u201c\",\"datePublished\":\"2023-12-08T14:00:42+00:00\",\"dateModified\":\"2024-04-24T18:44:11+00:00\",\"mainEntityOfPage\":{\"@id\":\"https:\\\/\\\/www.kleine-affaere.de\\\/cms\\\/vernissage-claudia-six-are-we-there-yet-2\\\/\"},\"wordCount\":435,\"publisher\":{\"@id\":\"https:\\\/\\\/www.kleine-affaere.de\\\/cms\\\/#organization\"},\"image\":{\"@id\":\"https:\\\/\\\/www.kleine-affaere.de\\\/cms\\\/vernissage-claudia-six-are-we-there-yet-2\\\/#primaryimage\"},\"thumbnailUrl\":\"https:\\\/\\\/www.kleine-affaere.de\\\/wp-content\\\/uploads\\\/2023\\\/12\\\/claudiasix_andfriend.jpeg\",\"inLanguage\":\"de\"},{\"@type\":\"WebPage\",\"@id\":\"https:\\\/\\\/www.kleine-affaere.de\\\/cms\\\/vernissage-claudia-six-are-we-there-yet-2\\\/\",\"url\":\"https:\\\/\\\/www.kleine-affaere.de\\\/cms\\\/vernissage-claudia-six-are-we-there-yet-2\\\/\",\"name\":\"Vernissage Claudia Six - \u201eARE WE THERE YET?\u201c - Kleine Aff\u00e4re | Galerie &amp; Salon\",\"isPartOf\":{\"@id\":\"https:\\\/\\\/www.kleine-affaere.de\\\/cms\\\/#website\"},\"primaryImageOfPage\":{\"@id\":\"https:\\\/\\\/www.kleine-affaere.de\\\/cms\\\/vernissage-claudia-six-are-we-there-yet-2\\\/#primaryimage\"},\"image\":{\"@id\":\"https:\\\/\\\/www.kleine-affaere.de\\\/cms\\\/vernissage-claudia-six-are-we-there-yet-2\\\/#primaryimage\"},\"thumbnailUrl\":\"https:\\\/\\\/www.kleine-affaere.de\\\/wp-content\\\/uploads\\\/2023\\\/12\\\/claudiasix_andfriend.jpeg\",\"datePublished\":\"2023-12-08T14:00:42+00:00\",\"dateModified\":\"2024-04-24T18:44:11+00:00\",\"description\":\"Am Samstag den 24. Februar 2024 l\u00e4dt die Kleine Aff\u00e4re herzlich zur Er\u00f6ffnung der Ausstellung von Claudia Six ein.\",\"breadcrumb\":{\"@id\":\"https:\\\/\\\/www.kleine-affaere.de\\\/cms\\\/vernissage-claudia-six-are-we-there-yet-2\\\/#breadcrumb\"},\"inLanguage\":\"de\",\"potentialAction\":[{\"@type\":\"ReadAction\",\"target\":[\"https:\\\/\\\/www.kleine-affaere.de\\\/cms\\\/vernissage-claudia-six-are-we-there-yet-2\\\/\"]}]},{\"@type\":\"ImageObject\",\"inLanguage\":\"de\",\"@id\":\"https:\\\/\\\/www.kleine-affaere.de\\\/cms\\\/vernissage-claudia-six-are-we-there-yet-2\\\/#primaryimage\",\"url\":\"https:\\\/\\\/www.kleine-affaere.de\\\/wp-content\\\/uploads\\\/2023\\\/12\\\/claudiasix_andfriend.jpeg\",\"contentUrl\":\"https:\\\/\\\/www.kleine-affaere.de\\\/wp-content\\\/uploads\\\/2023\\\/12\\\/claudiasix_andfriend.jpeg\",\"width\":905,\"height\":1280},{\"@type\":\"BreadcrumbList\",\"@id\":\"https:\\\/\\\/www.kleine-affaere.de\\\/cms\\\/vernissage-claudia-six-are-we-there-yet-2\\\/#breadcrumb\",\"itemListElement\":[{\"@type\":\"ListItem\",\"position\":1,\"name\":\"Startseite\",\"item\":\"https:\\\/\\\/www.kleine-affaere.de\\\/cms\\\/\"},{\"@type\":\"ListItem\",\"position\":2,\"name\":\"Vernissage Claudia Six &#8211; \u201eARE WE THERE YET?\u201c\"}]},{\"@type\":\"WebSite\",\"@id\":\"https:\\\/\\\/www.kleine-affaere.de\\\/cms\\\/#website\",\"url\":\"https:\\\/\\\/www.kleine-affaere.de\\\/cms\\\/\",\"name\":\"Kleine Aff\u00e4re | Galerie &amp; Salon\",\"description\":\"tempor\u00e4r in Blankenstein\",\"publisher\":{\"@id\":\"https:\\\/\\\/www.kleine-affaere.de\\\/cms\\\/#organization\"},\"potentialAction\":[{\"@type\":\"SearchAction\",\"target\":{\"@type\":\"EntryPoint\",\"urlTemplate\":\"https:\\\/\\\/www.kleine-affaere.de\\\/cms\\\/?s={search_term_string}\"},\"query-input\":{\"@type\":\"PropertyValueSpecification\",\"valueRequired\":true,\"valueName\":\"search_term_string\"}}],\"inLanguage\":\"de\"},{\"@type\":\"Organization\",\"@id\":\"https:\\\/\\\/www.kleine-affaere.de\\\/cms\\\/#organization\",\"name\":\"Kleine Aff\u00e4re | Galerie &amp; Salon\",\"url\":\"https:\\\/\\\/www.kleine-affaere.de\\\/cms\\\/\",\"logo\":{\"@type\":\"ImageObject\",\"inLanguage\":\"de\",\"@id\":\"https:\\\/\\\/www.kleine-affaere.de\\\/cms\\\/#\\\/schema\\\/logo\\\/image\\\/\",\"url\":\"https:\\\/\\\/www.kleine-affaere.de\\\/wp-content\\\/uploads\\\/2020\\\/05\\\/cropped-Logo-kleine-Affaere-ohne-Subline.png\",\"contentUrl\":\"https:\\\/\\\/www.kleine-affaere.de\\\/wp-content\\\/uploads\\\/2020\\\/05\\\/cropped-Logo-kleine-Affaere-ohne-Subline.png\",\"width\":409,\"height\":409,\"caption\":\"Kleine Aff\u00e4re | Galerie &amp; Salon\"},\"image\":{\"@id\":\"https:\\\/\\\/www.kleine-affaere.de\\\/cms\\\/#\\\/schema\\\/logo\\\/image\\\/\"}},{\"@type\":\"Person\",\"@id\":\"https:\\\/\\\/www.kleine-affaere.de\\\/cms\\\/#\\\/schema\\\/person\\\/29d22ac294fb02beb10cee53c0abff35\",\"name\":\"adminaffaere\",\"image\":{\"@type\":\"ImageObject\",\"inLanguage\":\"de\",\"@id\":\"https:\\\/\\\/secure.gravatar.com\\\/avatar\\\/e4805a22cdae092f2f33296497d3f74f6031dc27756fd7b1f45f260ba849fa38?s=96&d=mm&r=g\",\"url\":\"https:\\\/\\\/secure.gravatar.com\\\/avatar\\\/e4805a22cdae092f2f33296497d3f74f6031dc27756fd7b1f45f260ba849fa38?s=96&d=mm&r=g\",\"contentUrl\":\"https:\\\/\\\/secure.gravatar.com\\\/avatar\\\/e4805a22cdae092f2f33296497d3f74f6031dc27756fd7b1f45f260ba849fa38?s=96&d=mm&r=g\",\"caption\":\"adminaffaere\"},\"url\":\"https:\\\/\\\/www.kleine-affaere.de\\\/cms\\\/author\\\/adminaffaere\\\/\"}]}<\/script>\n<!-- \/ Yoast SEO plugin. -->","yoast_head_json":{"title":"Vernissage Claudia Six - \u201eARE WE THERE YET?\u201c - Kleine Aff\u00e4re | Galerie &amp; Salon","description":"Am Samstag den 24. Februar 2024 l\u00e4dt die Kleine Aff\u00e4re herzlich zur Er\u00f6ffnung der Ausstellung von Claudia Six ein.","robots":{"index":"index","follow":"follow","max-snippet":"max-snippet:-1","max-image-preview":"max-image-preview:large","max-video-preview":"max-video-preview:-1"},"canonical":"https:\/\/www.kleine-affaere.de\/cms\/vernissage-claudia-six-are-we-there-yet-2\/","og_locale":"de_DE","og_type":"article","og_title":"Vernissage Claudia Six - \u201eARE WE THERE YET?\u201c - Kleine Aff\u00e4re | Galerie &amp; Salon","og_description":"Am Samstag den 24. Februar 2024 l\u00e4dt die Kleine Aff\u00e4re herzlich zur Er\u00f6ffnung der Ausstellung von Claudia Six ein.","og_url":"https:\/\/www.kleine-affaere.de\/cms\/vernissage-claudia-six-are-we-there-yet-2\/","og_site_name":"Kleine Aff\u00e4re | Galerie &amp; Salon","article_published_time":"2023-12-08T14:00:42+00:00","article_modified_time":"2024-04-24T18:44:11+00:00","og_image":[{"width":905,"height":1280,"url":"https:\/\/www.kleine-affaere.de\/wp-content\/uploads\/2023\/12\/claudiasix_andfriend.jpeg","type":"image\/jpeg"}],"author":"adminaffaere","twitter_card":"summary_large_image","twitter_misc":{"Verfasst von":"adminaffaere","Gesch\u00e4tzte Lesezeit":"3\u00a0Minuten"},"schema":{"@context":"https:\/\/schema.org","@graph":[{"@type":"Article","@id":"https:\/\/www.kleine-affaere.de\/cms\/vernissage-claudia-six-are-we-there-yet-2\/#article","isPartOf":{"@id":"https:\/\/www.kleine-affaere.de\/cms\/vernissage-claudia-six-are-we-there-yet-2\/"},"author":{"name":"adminaffaere","@id":"https:\/\/www.kleine-affaere.de\/cms\/#\/schema\/person\/29d22ac294fb02beb10cee53c0abff35"},"headline":"Vernissage Claudia Six &#8211; \u201eARE WE THERE YET?\u201c","datePublished":"2023-12-08T14:00:42+00:00","dateModified":"2024-04-24T18:44:11+00:00","mainEntityOfPage":{"@id":"https:\/\/www.kleine-affaere.de\/cms\/vernissage-claudia-six-are-we-there-yet-2\/"},"wordCount":435,"publisher":{"@id":"https:\/\/www.kleine-affaere.de\/cms\/#organization"},"image":{"@id":"https:\/\/www.kleine-affaere.de\/cms\/vernissage-claudia-six-are-we-there-yet-2\/#primaryimage"},"thumbnailUrl":"https:\/\/www.kleine-affaere.de\/wp-content\/uploads\/2023\/12\/claudiasix_andfriend.jpeg","inLanguage":"de"},{"@type":"WebPage","@id":"https:\/\/www.kleine-affaere.de\/cms\/vernissage-claudia-six-are-we-there-yet-2\/","url":"https:\/\/www.kleine-affaere.de\/cms\/vernissage-claudia-six-are-we-there-yet-2\/","name":"Vernissage Claudia Six - \u201eARE WE THERE YET?\u201c - Kleine Aff\u00e4re | Galerie &amp; Salon","isPartOf":{"@id":"https:\/\/www.kleine-affaere.de\/cms\/#website"},"primaryImageOfPage":{"@id":"https:\/\/www.kleine-affaere.de\/cms\/vernissage-claudia-six-are-we-there-yet-2\/#primaryimage"},"image":{"@id":"https:\/\/www.kleine-affaere.de\/cms\/vernissage-claudia-six-are-we-there-yet-2\/#primaryimage"},"thumbnailUrl":"https:\/\/www.kleine-affaere.de\/wp-content\/uploads\/2023\/12\/claudiasix_andfriend.jpeg","datePublished":"2023-12-08T14:00:42+00:00","dateModified":"2024-04-24T18:44:11+00:00","description":"Am Samstag den 24. Februar 2024 l\u00e4dt die Kleine Aff\u00e4re herzlich zur Er\u00f6ffnung der Ausstellung von Claudia Six ein.","breadcrumb":{"@id":"https:\/\/www.kleine-affaere.de\/cms\/vernissage-claudia-six-are-we-there-yet-2\/#breadcrumb"},"inLanguage":"de","potentialAction":[{"@type":"ReadAction","target":["https:\/\/www.kleine-affaere.de\/cms\/vernissage-claudia-six-are-we-there-yet-2\/"]}]},{"@type":"ImageObject","inLanguage":"de","@id":"https:\/\/www.kleine-affaere.de\/cms\/vernissage-claudia-six-are-we-there-yet-2\/#primaryimage","url":"https:\/\/www.kleine-affaere.de\/wp-content\/uploads\/2023\/12\/claudiasix_andfriend.jpeg","contentUrl":"https:\/\/www.kleine-affaere.de\/wp-content\/uploads\/2023\/12\/claudiasix_andfriend.jpeg","width":905,"height":1280},{"@type":"BreadcrumbList","@id":"https:\/\/www.kleine-affaere.de\/cms\/vernissage-claudia-six-are-we-there-yet-2\/#breadcrumb","itemListElement":[{"@type":"ListItem","position":1,"name":"Startseite","item":"https:\/\/www.kleine-affaere.de\/cms\/"},{"@type":"ListItem","position":2,"name":"Vernissage Claudia Six &#8211; \u201eARE WE THERE YET?\u201c"}]},{"@type":"WebSite","@id":"https:\/\/www.kleine-affaere.de\/cms\/#website","url":"https:\/\/www.kleine-affaere.de\/cms\/","name":"Kleine Aff\u00e4re | Galerie &amp; Salon","description":"tempor\u00e4r in Blankenstein","publisher":{"@id":"https:\/\/www.kleine-affaere.de\/cms\/#organization"},"potentialAction":[{"@type":"SearchAction","target":{"@type":"EntryPoint","urlTemplate":"https:\/\/www.kleine-affaere.de\/cms\/?s={search_term_string}"},"query-input":{"@type":"PropertyValueSpecification","valueRequired":true,"valueName":"search_term_string"}}],"inLanguage":"de"},{"@type":"Organization","@id":"https:\/\/www.kleine-affaere.de\/cms\/#organization","name":"Kleine Aff\u00e4re | Galerie &amp; Salon","url":"https:\/\/www.kleine-affaere.de\/cms\/","logo":{"@type":"ImageObject","inLanguage":"de","@id":"https:\/\/www.kleine-affaere.de\/cms\/#\/schema\/logo\/image\/","url":"https:\/\/www.kleine-affaere.de\/wp-content\/uploads\/2020\/05\/cropped-Logo-kleine-Affaere-ohne-Subline.png","contentUrl":"https:\/\/www.kleine-affaere.de\/wp-content\/uploads\/2020\/05\/cropped-Logo-kleine-Affaere-ohne-Subline.png","width":409,"height":409,"caption":"Kleine Aff\u00e4re | Galerie &amp; Salon"},"image":{"@id":"https:\/\/www.kleine-affaere.de\/cms\/#\/schema\/logo\/image\/"}},{"@type":"Person","@id":"https:\/\/www.kleine-affaere.de\/cms\/#\/schema\/person\/29d22ac294fb02beb10cee53c0abff35","name":"adminaffaere","image":{"@type":"ImageObject","inLanguage":"de","@id":"https:\/\/secure.gravatar.com\/avatar\/e4805a22cdae092f2f33296497d3f74f6031dc27756fd7b1f45f260ba849fa38?s=96&d=mm&r=g","url":"https:\/\/secure.gravatar.com\/avatar\/e4805a22cdae092f2f33296497d3f74f6031dc27756fd7b1f45f260ba849fa38?s=96&d=mm&r=g","contentUrl":"https:\/\/secure.gravatar.com\/avatar\/e4805a22cdae092f2f33296497d3f74f6031dc27756fd7b1f45f260ba849fa38?s=96&d=mm&r=g","caption":"adminaffaere"},"url":"https:\/\/www.kleine-affaere.de\/cms\/author\/adminaffaere\/"}]}},"_links":{"self":[{"href":"https:\/\/www.kleine-affaere.de\/cms\/wp-json\/wp\/v2\/posts\/9027","targetHints":{"allow":["GET"]}}],"collection":[{"href":"https:\/\/www.kleine-affaere.de\/cms\/wp-json\/wp\/v2\/posts"}],"about":[{"href":"https:\/\/www.kleine-affaere.de\/cms\/wp-json\/wp\/v2\/types\/post"}],"author":[{"embeddable":true,"href":"https:\/\/www.kleine-affaere.de\/cms\/wp-json\/wp\/v2\/users\/1"}],"replies":[{"embeddable":true,"href":"https:\/\/www.kleine-affaere.de\/cms\/wp-json\/wp\/v2\/comments?post=9027"}],"version-history":[{"count":140,"href":"https:\/\/www.kleine-affaere.de\/cms\/wp-json\/wp\/v2\/posts\/9027\/revisions"}],"predecessor-version":[{"id":10011,"href":"https:\/\/www.kleine-affaere.de\/cms\/wp-json\/wp\/v2\/posts\/9027\/revisions\/10011"}],"wp:featuredmedia":[{"embeddable":true,"href":"https:\/\/www.kleine-affaere.de\/cms\/wp-json\/wp\/v2\/media\/9658"}],"wp:attachment":[{"href":"https:\/\/www.kleine-affaere.de\/cms\/wp-json\/wp\/v2\/media?parent=9027"}],"wp:term":[{"taxonomy":"category","embeddable":true,"href":"https:\/\/www.kleine-affaere.de\/cms\/wp-json\/wp\/v2\/categories?post=9027"},{"taxonomy":"post_tag","embeddable":true,"href":"https:\/\/www.kleine-affaere.de\/cms\/wp-json\/wp\/v2\/tags?post=9027"},{"taxonomy":"post_folder","embeddable":true,"href":"https:\/\/www.kleine-affaere.de\/cms\/wp-json\/wp\/v2\/post_folder?post=9027"}],"curies":[{"name":"wp","href":"https:\/\/api.w.org\/{rel}","templated":true}]}}