{"id":409,"date":"2018-09-05T21:32:39","date_gmt":"2018-09-05T19:32:39","guid":{"rendered":"http:\/\/www.kleine-affaere.de\/cms\/?p=409"},"modified":"2019-10-04T13:10:49","modified_gmt":"2019-10-04T11:10:49","slug":"marcel-mann-2","status":"publish","type":"post","link":"https:\/\/www.kleine-affaere.de\/cms\/marcel-mann-2\/","title":{"rendered":"Marcel Mann"},"content":{"rendered":"<p><img fetchpriority=\"high\" decoding=\"async\" class=\"alignnone size-full wp-image-393\" src=\"http:\/\/www.kleine-affaere.de\/wp-content\/uploads\/2018\/09\/marcel_mann.jpg\" alt=\"\" width=\"500\" height=\"333\" srcset=\"https:\/\/www.kleine-affaere.de\/wp-content\/uploads\/2018\/09\/marcel_mann.jpg 500w, https:\/\/www.kleine-affaere.de\/wp-content\/uploads\/2018\/09\/marcel_mann-300x200.jpg 300w\" sizes=\"(max-width: 500px) 100vw, 500px\" \/><\/p>\n<p>&nbsp;<\/p>\n<p>Marcel Mann, der Gewinner der Talent-Schmiede im &#8222;Quatsch Comedy Club\u201c und der gro\u00dfen\u00a0\u201eFritznacht der Talente&#8220;,\u00a0ist der Synchronsprecher unter den deutschen Comedians. Sozusagen &#8222;The Voice of Comedy\u201c.<br \/>\nDas Gesicht ist neu, doch seine Stimme seit Jahren im Fernsehen und im Kino zu h\u00f6ren. Leider stirbt er meistens tragisch bei der Arbeit. Davon und von weiteren Kuriosit\u00e4ten aus seinem Leben auf der Tonspur erz\u00e4hlt Marcel nun rasant und stimmgewaltig in seinem ersten Soloprogramm \u201e<strong>Weil ich ein M\u00e4nnchen bin<\/strong>\u201c.<\/p>\n<p>&nbsp;<\/p>\n<p>Gerade erst war die \u201eTestosteronbombe der deutschen Comedy\u201c mit Ausz\u00fcgen aus seinem Programm f\u00fcr den Stuttgarter Besen (SWR) und den Prix Pantheon (WDR) nominiert. Au\u00dferdem war er mehrmaliger Gast in der Sendung \u201eDie Comedy Show\u201c (PRO 7) und zeigte sein K\u00f6nnen bei Nightwash (ONE) und bei \u201eNuhr ab 18\u201c ( ARD).<\/p>\n<p>&nbsp;<\/p>\n<p><em>&#8222;Marcel Mann ist ein echter &#8222;funny bone&#8220;, den man sich auch neben der Stand Up Comedy gut in Sitcoms vorstellen kann. Als Synchronsprecher hat er nicht nur ein super Thema, er kann nat\u00fcrlich gut spielen und hat dazu eigenes starkes Material!<\/em>&#8220; (Thomas Hermanns)<\/p>\n<p>Termin: Sonntag, 25.11.2018 um 19:00 Uhr<\/p>\n<p><strong>Karten:<\/strong> 18,00 Euro ab\u00a014.9. in der Galerie und im Caf\u00e9 Z Hauptstrasse 1 45527 Hattingen-Blankenstein<\/p>\n","protected":false},"excerpt":{"rendered":"<p>Sonntag, 25.11.2018 | 19:00 Uhr<br \/>\nEin neues Gesicht und eine bekannte Stimme. Von Berlin nach Blankenstein&#8230;<\/p>\n","protected":false},"author":1,"featured_media":393,"comment_status":"closed","ping_status":"open","sticky":false,"template":"","format":"standard","meta":{"inline_featured_image":false,"footnotes":""},"categories":[10],"tags":[],"post_folder":[51],"class_list":["post-409","post","type-post","status-publish","format-standard","has-post-thumbnail","hentry","category-archiv-liveact"],"yoast_head":"<!-- This site is optimized with the Yoast SEO plugin v28.3 - https:\/\/yoast.com\/product\/yoast-seo-wordpress\/ -->\n<title>Marcel Mann - Kleine Aff\u00e4re | Galerie &amp; Salon<\/title>\n<meta name=\"description\" content=\"fsadsdfasdfasdfasdf\" \/>\n<meta name=\"robots\" content=\"index, follow, max-snippet:-1, max-image-preview:large, max-video-preview:-1\" \/>\n<link rel=\"canonical\" href=\"https:\/\/www.kleine-affaere.de\/cms\/marcel-mann-2\/\" \/>\n<meta property=\"og:locale\" content=\"de_DE\" \/>\n<meta property=\"og:type\" content=\"article\" \/>\n<meta property=\"og:title\" content=\"Marcel Mann - Kleine Aff\u00e4re | Galerie &amp; Salon\" \/>\n<meta property=\"og:description\" content=\"fsadsdfasdfasdfasdf\" \/>\n<meta property=\"og:url\" content=\"https:\/\/www.kleine-affaere.de\/cms\/marcel-mann-2\/\" \/>\n<meta property=\"og:site_name\" content=\"Kleine Aff\u00e4re | Galerie &amp; Salon\" \/>\n<meta property=\"article:published_time\" content=\"2018-09-05T19:32:39+00:00\" \/>\n<meta property=\"article:modified_time\" content=\"2019-10-04T11:10:49+00:00\" \/>\n<meta property=\"og:image\" content=\"https:\/\/www.kleine-affaere.de\/wp-content\/uploads\/2018\/09\/marcel_mann.jpg\" \/>\n\t<meta property=\"og:image:width\" content=\"500\" \/>\n\t<meta property=\"og:image:height\" content=\"333\" \/>\n\t<meta property=\"og:image:type\" content=\"image\/jpeg\" \/>\n<meta name=\"author\" content=\"adminaffaere\" \/>\n<meta name=\"twitter:card\" content=\"summary_large_image\" \/>\n<meta name=\"twitter:label1\" content=\"Verfasst von\" \/>\n\t<meta name=\"twitter:data1\" content=\"adminaffaere\" \/>\n\t<meta name=\"twitter:label2\" content=\"Gesch\u00e4tzte Lesezeit\" \/>\n\t<meta name=\"twitter:data2\" content=\"1\u00a0Minute\" \/>\n<script type=\"application\/ld+json\" class=\"yoast-schema-graph\">{\"@context\":\"https:\\\/\\\/schema.org\",\"@graph\":[{\"@type\":\"Article\",\"@id\":\"https:\\\/\\\/www.kleine-affaere.de\\\/cms\\\/marcel-mann-2\\\/#article\",\"isPartOf\":{\"@id\":\"https:\\\/\\\/www.kleine-affaere.de\\\/cms\\\/marcel-mann-2\\\/\"},\"author\":{\"name\":\"adminaffaere\",\"@id\":\"https:\\\/\\\/www.kleine-affaere.de\\\/cms\\\/#\\\/schema\\\/person\\\/29d22ac294fb02beb10cee53c0abff35\"},\"headline\":\"Marcel Mann\",\"datePublished\":\"2018-09-05T19:32:39+00:00\",\"dateModified\":\"2019-10-04T11:10:49+00:00\",\"mainEntityOfPage\":{\"@id\":\"https:\\\/\\\/www.kleine-affaere.de\\\/cms\\\/marcel-mann-2\\\/\"},\"wordCount\":200,\"publisher\":{\"@id\":\"https:\\\/\\\/www.kleine-affaere.de\\\/cms\\\/#organization\"},\"image\":{\"@id\":\"https:\\\/\\\/www.kleine-affaere.de\\\/cms\\\/marcel-mann-2\\\/#primaryimage\"},\"thumbnailUrl\":\"https:\\\/\\\/www.kleine-affaere.de\\\/wp-content\\\/uploads\\\/2018\\\/09\\\/marcel_mann.jpg\",\"articleSection\":[\"Archiv Liveact\"],\"inLanguage\":\"de\"},{\"@type\":\"WebPage\",\"@id\":\"https:\\\/\\\/www.kleine-affaere.de\\\/cms\\\/marcel-mann-2\\\/\",\"url\":\"https:\\\/\\\/www.kleine-affaere.de\\\/cms\\\/marcel-mann-2\\\/\",\"name\":\"Marcel Mann - Kleine Aff\u00e4re | Galerie &amp; Salon\",\"isPartOf\":{\"@id\":\"https:\\\/\\\/www.kleine-affaere.de\\\/cms\\\/#website\"},\"primaryImageOfPage\":{\"@id\":\"https:\\\/\\\/www.kleine-affaere.de\\\/cms\\\/marcel-mann-2\\\/#primaryimage\"},\"image\":{\"@id\":\"https:\\\/\\\/www.kleine-affaere.de\\\/cms\\\/marcel-mann-2\\\/#primaryimage\"},\"thumbnailUrl\":\"https:\\\/\\\/www.kleine-affaere.de\\\/wp-content\\\/uploads\\\/2018\\\/09\\\/marcel_mann.jpg\",\"datePublished\":\"2018-09-05T19:32:39+00:00\",\"dateModified\":\"2019-10-04T11:10:49+00:00\",\"description\":\"fsadsdfasdfasdfasdf\",\"breadcrumb\":{\"@id\":\"https:\\\/\\\/www.kleine-affaere.de\\\/cms\\\/marcel-mann-2\\\/#breadcrumb\"},\"inLanguage\":\"de\",\"potentialAction\":[{\"@type\":\"ReadAction\",\"target\":[\"https:\\\/\\\/www.kleine-affaere.de\\\/cms\\\/marcel-mann-2\\\/\"]}]},{\"@type\":\"ImageObject\",\"inLanguage\":\"de\",\"@id\":\"https:\\\/\\\/www.kleine-affaere.de\\\/cms\\\/marcel-mann-2\\\/#primaryimage\",\"url\":\"https:\\\/\\\/www.kleine-affaere.de\\\/wp-content\\\/uploads\\\/2018\\\/09\\\/marcel_mann.jpg\",\"contentUrl\":\"https:\\\/\\\/www.kleine-affaere.de\\\/wp-content\\\/uploads\\\/2018\\\/09\\\/marcel_mann.jpg\",\"width\":500,\"height\":333},{\"@type\":\"BreadcrumbList\",\"@id\":\"https:\\\/\\\/www.kleine-affaere.de\\\/cms\\\/marcel-mann-2\\\/#breadcrumb\",\"itemListElement\":[{\"@type\":\"ListItem\",\"position\":1,\"name\":\"Startseite\",\"item\":\"https:\\\/\\\/www.kleine-affaere.de\\\/cms\\\/\"},{\"@type\":\"ListItem\",\"position\":2,\"name\":\"Marcel Mann\"}]},{\"@type\":\"WebSite\",\"@id\":\"https:\\\/\\\/www.kleine-affaere.de\\\/cms\\\/#website\",\"url\":\"https:\\\/\\\/www.kleine-affaere.de\\\/cms\\\/\",\"name\":\"Kleine Aff\u00e4re | Galerie &amp; Salon\",\"description\":\"tempor\u00e4r in Blankenstein\",\"publisher\":{\"@id\":\"https:\\\/\\\/www.kleine-affaere.de\\\/cms\\\/#organization\"},\"potentialAction\":[{\"@type\":\"SearchAction\",\"target\":{\"@type\":\"EntryPoint\",\"urlTemplate\":\"https:\\\/\\\/www.kleine-affaere.de\\\/cms\\\/?s={search_term_string}\"},\"query-input\":{\"@type\":\"PropertyValueSpecification\",\"valueRequired\":true,\"valueName\":\"search_term_string\"}}],\"inLanguage\":\"de\"},{\"@type\":\"Organization\",\"@id\":\"https:\\\/\\\/www.kleine-affaere.de\\\/cms\\\/#organization\",\"name\":\"Kleine Aff\u00e4re | Galerie &amp; Salon\",\"url\":\"https:\\\/\\\/www.kleine-affaere.de\\\/cms\\\/\",\"logo\":{\"@type\":\"ImageObject\",\"inLanguage\":\"de\",\"@id\":\"https:\\\/\\\/www.kleine-affaere.de\\\/cms\\\/#\\\/schema\\\/logo\\\/image\\\/\",\"url\":\"https:\\\/\\\/www.kleine-affaere.de\\\/wp-content\\\/uploads\\\/2020\\\/05\\\/cropped-Logo-kleine-Affaere-ohne-Subline.png\",\"contentUrl\":\"https:\\\/\\\/www.kleine-affaere.de\\\/wp-content\\\/uploads\\\/2020\\\/05\\\/cropped-Logo-kleine-Affaere-ohne-Subline.png\",\"width\":409,\"height\":409,\"caption\":\"Kleine Aff\u00e4re | Galerie &amp; Salon\"},\"image\":{\"@id\":\"https:\\\/\\\/www.kleine-affaere.de\\\/cms\\\/#\\\/schema\\\/logo\\\/image\\\/\"}},{\"@type\":\"Person\",\"@id\":\"https:\\\/\\\/www.kleine-affaere.de\\\/cms\\\/#\\\/schema\\\/person\\\/29d22ac294fb02beb10cee53c0abff35\",\"name\":\"adminaffaere\",\"image\":{\"@type\":\"ImageObject\",\"inLanguage\":\"de\",\"@id\":\"https:\\\/\\\/secure.gravatar.com\\\/avatar\\\/e4805a22cdae092f2f33296497d3f74f6031dc27756fd7b1f45f260ba849fa38?s=96&d=mm&r=g\",\"url\":\"https:\\\/\\\/secure.gravatar.com\\\/avatar\\\/e4805a22cdae092f2f33296497d3f74f6031dc27756fd7b1f45f260ba849fa38?s=96&d=mm&r=g\",\"contentUrl\":\"https:\\\/\\\/secure.gravatar.com\\\/avatar\\\/e4805a22cdae092f2f33296497d3f74f6031dc27756fd7b1f45f260ba849fa38?s=96&d=mm&r=g\",\"caption\":\"adminaffaere\"},\"url\":\"https:\\\/\\\/www.kleine-affaere.de\\\/cms\\\/author\\\/adminaffaere\\\/\"}]}<\/script>\n<!-- \/ Yoast SEO plugin. -->","yoast_head_json":{"title":"Marcel Mann - Kleine Aff\u00e4re | Galerie &amp; Salon","description":"fsadsdfasdfasdfasdf","robots":{"index":"index","follow":"follow","max-snippet":"max-snippet:-1","max-image-preview":"max-image-preview:large","max-video-preview":"max-video-preview:-1"},"canonical":"https:\/\/www.kleine-affaere.de\/cms\/marcel-mann-2\/","og_locale":"de_DE","og_type":"article","og_title":"Marcel Mann - Kleine Aff\u00e4re | Galerie &amp; Salon","og_description":"fsadsdfasdfasdfasdf","og_url":"https:\/\/www.kleine-affaere.de\/cms\/marcel-mann-2\/","og_site_name":"Kleine Aff\u00e4re | Galerie &amp; Salon","article_published_time":"2018-09-05T19:32:39+00:00","article_modified_time":"2019-10-04T11:10:49+00:00","og_image":[{"width":500,"height":333,"url":"https:\/\/www.kleine-affaere.de\/wp-content\/uploads\/2018\/09\/marcel_mann.jpg","type":"image\/jpeg"}],"author":"adminaffaere","twitter_card":"summary_large_image","twitter_misc":{"Verfasst von":"adminaffaere","Gesch\u00e4tzte Lesezeit":"1\u00a0Minute"},"schema":{"@context":"https:\/\/schema.org","@graph":[{"@type":"Article","@id":"https:\/\/www.kleine-affaere.de\/cms\/marcel-mann-2\/#article","isPartOf":{"@id":"https:\/\/www.kleine-affaere.de\/cms\/marcel-mann-2\/"},"author":{"name":"adminaffaere","@id":"https:\/\/www.kleine-affaere.de\/cms\/#\/schema\/person\/29d22ac294fb02beb10cee53c0abff35"},"headline":"Marcel Mann","datePublished":"2018-09-05T19:32:39+00:00","dateModified":"2019-10-04T11:10:49+00:00","mainEntityOfPage":{"@id":"https:\/\/www.kleine-affaere.de\/cms\/marcel-mann-2\/"},"wordCount":200,"publisher":{"@id":"https:\/\/www.kleine-affaere.de\/cms\/#organization"},"image":{"@id":"https:\/\/www.kleine-affaere.de\/cms\/marcel-mann-2\/#primaryimage"},"thumbnailUrl":"https:\/\/www.kleine-affaere.de\/wp-content\/uploads\/2018\/09\/marcel_mann.jpg","articleSection":["Archiv Liveact"],"inLanguage":"de"},{"@type":"WebPage","@id":"https:\/\/www.kleine-affaere.de\/cms\/marcel-mann-2\/","url":"https:\/\/www.kleine-affaere.de\/cms\/marcel-mann-2\/","name":"Marcel Mann - Kleine Aff\u00e4re | Galerie &amp; Salon","isPartOf":{"@id":"https:\/\/www.kleine-affaere.de\/cms\/#website"},"primaryImageOfPage":{"@id":"https:\/\/www.kleine-affaere.de\/cms\/marcel-mann-2\/#primaryimage"},"image":{"@id":"https:\/\/www.kleine-affaere.de\/cms\/marcel-mann-2\/#primaryimage"},"thumbnailUrl":"https:\/\/www.kleine-affaere.de\/wp-content\/uploads\/2018\/09\/marcel_mann.jpg","datePublished":"2018-09-05T19:32:39+00:00","dateModified":"2019-10-04T11:10:49+00:00","description":"fsadsdfasdfasdfasdf","breadcrumb":{"@id":"https:\/\/www.kleine-affaere.de\/cms\/marcel-mann-2\/#breadcrumb"},"inLanguage":"de","potentialAction":[{"@type":"ReadAction","target":["https:\/\/www.kleine-affaere.de\/cms\/marcel-mann-2\/"]}]},{"@type":"ImageObject","inLanguage":"de","@id":"https:\/\/www.kleine-affaere.de\/cms\/marcel-mann-2\/#primaryimage","url":"https:\/\/www.kleine-affaere.de\/wp-content\/uploads\/2018\/09\/marcel_mann.jpg","contentUrl":"https:\/\/www.kleine-affaere.de\/wp-content\/uploads\/2018\/09\/marcel_mann.jpg","width":500,"height":333},{"@type":"BreadcrumbList","@id":"https:\/\/www.kleine-affaere.de\/cms\/marcel-mann-2\/#breadcrumb","itemListElement":[{"@type":"ListItem","position":1,"name":"Startseite","item":"https:\/\/www.kleine-affaere.de\/cms\/"},{"@type":"ListItem","position":2,"name":"Marcel Mann"}]},{"@type":"WebSite","@id":"https:\/\/www.kleine-affaere.de\/cms\/#website","url":"https:\/\/www.kleine-affaere.de\/cms\/","name":"Kleine Aff\u00e4re | Galerie &amp; Salon","description":"tempor\u00e4r in Blankenstein","publisher":{"@id":"https:\/\/www.kleine-affaere.de\/cms\/#organization"},"potentialAction":[{"@type":"SearchAction","target":{"@type":"EntryPoint","urlTemplate":"https:\/\/www.kleine-affaere.de\/cms\/?s={search_term_string}"},"query-input":{"@type":"PropertyValueSpecification","valueRequired":true,"valueName":"search_term_string"}}],"inLanguage":"de"},{"@type":"Organization","@id":"https:\/\/www.kleine-affaere.de\/cms\/#organization","name":"Kleine Aff\u00e4re | Galerie &amp; Salon","url":"https:\/\/www.kleine-affaere.de\/cms\/","logo":{"@type":"ImageObject","inLanguage":"de","@id":"https:\/\/www.kleine-affaere.de\/cms\/#\/schema\/logo\/image\/","url":"https:\/\/www.kleine-affaere.de\/wp-content\/uploads\/2020\/05\/cropped-Logo-kleine-Affaere-ohne-Subline.png","contentUrl":"https:\/\/www.kleine-affaere.de\/wp-content\/uploads\/2020\/05\/cropped-Logo-kleine-Affaere-ohne-Subline.png","width":409,"height":409,"caption":"Kleine Aff\u00e4re | Galerie &amp; Salon"},"image":{"@id":"https:\/\/www.kleine-affaere.de\/cms\/#\/schema\/logo\/image\/"}},{"@type":"Person","@id":"https:\/\/www.kleine-affaere.de\/cms\/#\/schema\/person\/29d22ac294fb02beb10cee53c0abff35","name":"adminaffaere","image":{"@type":"ImageObject","inLanguage":"de","@id":"https:\/\/secure.gravatar.com\/avatar\/e4805a22cdae092f2f33296497d3f74f6031dc27756fd7b1f45f260ba849fa38?s=96&d=mm&r=g","url":"https:\/\/secure.gravatar.com\/avatar\/e4805a22cdae092f2f33296497d3f74f6031dc27756fd7b1f45f260ba849fa38?s=96&d=mm&r=g","contentUrl":"https:\/\/secure.gravatar.com\/avatar\/e4805a22cdae092f2f33296497d3f74f6031dc27756fd7b1f45f260ba849fa38?s=96&d=mm&r=g","caption":"adminaffaere"},"url":"https:\/\/www.kleine-affaere.de\/cms\/author\/adminaffaere\/"}]}},"_links":{"self":[{"href":"https:\/\/www.kleine-affaere.de\/cms\/wp-json\/wp\/v2\/posts\/409","targetHints":{"allow":["GET"]}}],"collection":[{"href":"https:\/\/www.kleine-affaere.de\/cms\/wp-json\/wp\/v2\/posts"}],"about":[{"href":"https:\/\/www.kleine-affaere.de\/cms\/wp-json\/wp\/v2\/types\/post"}],"author":[{"embeddable":true,"href":"https:\/\/www.kleine-affaere.de\/cms\/wp-json\/wp\/v2\/users\/1"}],"replies":[{"embeddable":true,"href":"https:\/\/www.kleine-affaere.de\/cms\/wp-json\/wp\/v2\/comments?post=409"}],"version-history":[{"count":7,"href":"https:\/\/www.kleine-affaere.de\/cms\/wp-json\/wp\/v2\/posts\/409\/revisions"}],"predecessor-version":[{"id":1031,"href":"https:\/\/www.kleine-affaere.de\/cms\/wp-json\/wp\/v2\/posts\/409\/revisions\/1031"}],"wp:featuredmedia":[{"embeddable":true,"href":"https:\/\/www.kleine-affaere.de\/cms\/wp-json\/wp\/v2\/media\/393"}],"wp:attachment":[{"href":"https:\/\/www.kleine-affaere.de\/cms\/wp-json\/wp\/v2\/media?parent=409"}],"wp:term":[{"taxonomy":"category","embeddable":true,"href":"https:\/\/www.kleine-affaere.de\/cms\/wp-json\/wp\/v2\/categories?post=409"},{"taxonomy":"post_tag","embeddable":true,"href":"https:\/\/www.kleine-affaere.de\/cms\/wp-json\/wp\/v2\/tags?post=409"},{"taxonomy":"post_folder","embeddable":true,"href":"https:\/\/www.kleine-affaere.de\/cms\/wp-json\/wp\/v2\/post_folder?post=409"}],"curies":[{"name":"wp","href":"https:\/\/api.w.org\/{rel}","templated":true}]}}